{"id":46,"date":"2026-07-29T03:51:37","date_gmt":"2026-07-29T03:51:37","guid":{"rendered":"https:\/\/gravano.fr\/style\/mythe-garde-robe-qui-grossit\/"},"modified":"2026-07-29T06:37:07","modified_gmt":"2026-07-29T06:37:07","slug":"mythe-garde-robe-qui-grossit","status":"publish","type":"post","link":"https:\/\/gravano.fr\/style\/mythe-garde-robe-qui-grossit\/","title":{"rendered":"Acheter plus ne t&rsquo;habillera jamais mieux : \u00ab Un placard qui d\u00e9borde n&rsquo;a jamais emp\u00each\u00e9 personne d&rsquo;avoir l&rsquo;air perdu \u00bb, note le Doc"},"content":{"rendered":"<p>*C&rsquo;est le r\u00e9flexe le plus naturel du monde. On se sent mal habill\u00e9, on se dit qu&rsquo;il manque quelque<\/p>\n<p>chose, on ach\u00e8te. Et trois mois plus tard, on se sent exactement pareil \u2014 avec quatre pi\u00e8ces de plus<\/p>\n<p>sur les cintres.*<\/p>\n<p>Ce r\u00e9flexe repose sur une croyance jamais formul\u00e9e \u00e0 voix haute, mais partag\u00e9e par presque tout le<\/p>\n<p>monde : que le probl\u00e8me \u00ab je n&rsquo;ai rien \u00e0 me mettre \u00bb se r\u00e8gle en ajoutant. C&rsquo;est faux, et le<\/p>\n<p>d\u00e9montrer prend deux minutes.<\/p>\n<h2>Le paradoxe, en chiffres<\/h2>\n<p>Une \u00e9tude men\u00e9e par l&rsquo;ADEME avec l&rsquo;Observatoire soci\u00e9t\u00e9 et consommation, entre janvier 2024 et<\/p>\n<p>f\u00e9vrier 2025, a compar\u00e9 ce que les Fran\u00e7ais <strong>d\u00e9clarent<\/strong> poss\u00e9der et ce qu&rsquo;ils poss\u00e8dent<\/p>\n<p><strong>r\u00e9ellement<\/strong>, en comptant dans les penderies. D\u00e9clar\u00e9 : 79 v\u00eatements. Compt\u00e9 : 175. Et plus de la<\/p>\n<p>moiti\u00e9 de ce total ne sert <strong>jamais<\/strong>.<\/p>\n<p>Pose-toi la question honn\u00eatement : est-ce qu&rsquo;une personne qui poss\u00e8de 175 v\u00eatements a un probl\u00e8me de<\/p>\n<p>manque ? \u00c9videmment non. Et pourtant, elle continue d&rsquo;en acheter environ 42 par an, et elle continue,<\/p>\n<p>statistiquement, \u00e0 ouvrir son placard le matin en trouvant qu&rsquo;il n&rsquo;y a rien dedans.<\/p>\n<p><strong>\u00ab Un placard qui d\u00e9borde n&rsquo;a jamais emp\u00each\u00e9 personne d&rsquo;avoir l&rsquo;air perdu \u00bb<\/strong>, note le Doc. Le<\/p>\n<p>paradoxe n&rsquo;est pas psychologique. Il est arithm\u00e9tique.<\/p>\n<h2>Pourquoi ajouter ne r\u00e9sout rien<\/h2>\n<p>Voici l&rsquo;id\u00e9e qui change tout, une fois qu&rsquo;on l&rsquo;a comprise : **ce ne sont pas tes v\u00eatements qui font<\/p>\n<p>tes tenues. Ce sont les connexions entre eux.**<\/p>\n<p>Une pi\u00e8ce qui ne s&rsquo;accorde avec rien de ce que tu poss\u00e8des d\u00e9j\u00e0 n&rsquo;ajoute <strong>aucune<\/strong> tenue. Z\u00e9ro. Elle<\/p>\n<p>ajoute uniquement de l&rsquo;encombrement, et une d\u00e9cision de plus \u00e0 prendre chaque matin. \u00c0 l&rsquo;inverse, si<\/p>\n<p>tu poss\u00e8des 5 hauts et 3 bas qui s&rsquo;accordent tous entre eux, tu obtiens 15 tenues diff\u00e9rentes \u2014 avec<\/p>\n<p>huit pi\u00e8ces.<\/p>\n<p>Fais le calcul dans l&rsquo;autre sens et le paradoxe s&rsquo;\u00e9claire : 20 hauts et 12 bas dont seuls quelques-uns<\/p>\n<p>se marient produisent, en usage r\u00e9el, les quatre ou cinq combinaisons que tu as identifi\u00e9es comme<\/p>\n<p>s\u00fbres et que tu remets en boucle. Trente-deux pi\u00e8ces pour cinq tenues. Huit pi\u00e8ces pour quinze. Ce<\/p>\n<p>n&rsquo;est pas une question de go\u00fbt, c&rsquo;est une question de compatibilit\u00e9.<\/p>\n<h3>Friction n\u00b01 : on ach\u00e8te pour se rassurer, pas pour compl\u00e9ter<\/h3>\n<p>La plupart des achats ne naissent pas d&rsquo;un manque identifi\u00e9, mais d&rsquo;un vague sentiment d&rsquo;insatisfaction.<\/p>\n<p>On entre dans une boutique \u00ab pour voir \u00bb. On ressort avec une pi\u00e8ce qui plaisait sur le moment, sans<\/p>\n<p>s&rsquo;\u00eatre demand\u00e9 une seconde si elle trouverait, chez soi, ne serait-ce que deux autres v\u00eatements avec<\/p>\n<p>qui s&rsquo;entendre. R\u00e9p\u00e9t\u00e9 quarante fois par an, ce r\u00e9flexe construit exactement les 175 pi\u00e8ces de<\/p>\n<p>l&rsquo;\u00e9tude \u2014 et les quelque 96 qui ne serviront jamais.<\/p>\n<h3>Friction n\u00b02 : la taille qui varie, et le doute qu&rsquo;elle installe<\/h3>\n<p>Il y a une raison de plus, moins connue, \u00e0 cette accumulation : on n&rsquo;est jamais s\u00fbr de sa taille. Le<\/p>\n<p>v\u00eatement est l&rsquo;un des rares produits de consommation courante \u00e0 ne r\u00e9pondre \u00e0 **aucune norme de<\/p>\n<p>taille commune contraignante** \u2014 un m\u00eame intitul\u00e9 de taille peut correspondre \u00e0 des mesures<\/p>\n<p>sensiblement diff\u00e9rentes d&rsquo;une enseigne \u00e0 l&rsquo;autre. Certaines marques pratiquent m\u00eame le \u00ab vanity<\/p>\n<p>sizing \u00bb, c&rsquo;est-\u00e0-dire \u00e9tiqueter une pi\u00e8ce en taille inf\u00e9rieure \u00e0 sa coupe r\u00e9elle pour flatter<\/p>\n<p>l&rsquo;acheteur. (L&rsquo;ampleur exacte de ces \u00e9carts varie selon les \u00e9tudes et les marques compar\u00e9es : \u00e0<\/p>\n<p>prendre comme un ordre de grandeur, pas comme une mesure grav\u00e9e.)<\/p>\n<p>R\u00e9sultat concret : on ach\u00e8te deux exemplaires, on garde les deux \u00ab au cas o\u00f9 \u00bb, on n&rsquo;ose plus se fier<\/p>\n<p>\u00e0 sa propre exp\u00e9rience. Le doute alimente le volume.<\/p>\n<h3>Friction n\u00b03 : confondre nouveaut\u00e9 et solution<\/h3>\n<p>Une nouvelle pi\u00e8ce donne, pendant quelques jours, la sensation d&rsquo;avoir r\u00e9gl\u00e9 quelque chose. Cette<\/p>\n<p>sensation retombe \u2014 et elle retombe pr\u00e9cis\u00e9ment parce que rien n&rsquo;a \u00e9t\u00e9 r\u00e9gl\u00e9 : le syst\u00e8me sous-jacent<\/p>\n<p>n&rsquo;a pas chang\u00e9, une pi\u00e8ce de plus y a simplement \u00e9t\u00e9 vers\u00e9e.<\/p>\n<h2>La solution a cinquante ans<\/h2>\n<p>Ce n&rsquo;est pas une id\u00e9e neuve, et ce n&rsquo;est surtout pas une lubie de blog. D\u00e8s les ann\u00e9es 1970, une<\/p>\n<p>commer\u00e7ante londonienne, Susie Faux, qui tenait une boutique nomm\u00e9e <em>Wardrobe<\/em>, avait pos\u00e9 le<\/p>\n<p>diagnostic : ses clientes d\u00e9pensaient \u00e9norm\u00e9ment en v\u00eatements qui ne duraient pas, ne s&rsquo;accordaient<\/p>\n<p>pas entre eux et se d\u00e9modaient en une saison. Sa r\u00e9ponse tenait en une phrase \u2014 moins de pi\u00e8ces,<\/p>\n<p>meilleures, dans des couleurs qui se r\u00e9pondent. Le principe a \u00e9t\u00e9 rendu c\u00e9l\u00e8bre en 1985 par la<\/p>\n<p>styliste am\u00e9ricaine Donna Karan, avec une collection de sept pi\u00e8ces con\u00e7ues pour se combiner entre<\/p>\n<p>elles sans exception.<\/p>\n<p>Cinquante ans, et pas une ride. Parce que le probl\u00e8me auquel ce principe r\u00e9pond n&rsquo;a jamais disparu \u2014<\/p>\n<p>il s&rsquo;est m\u00eame aggrav\u00e9, comme le montrent les chiffres plus haut.<\/p>\n<h2>Ce que tu peux faire d\u00e8s maintenant<\/h2>\n<p><strong>Avant le prochain achat, une seule question :<\/strong> avec combien de pi\u00e8ces que je poss\u00e8de d\u00e9j\u00e0 celle-ci<\/p>\n<p>va-t-elle s&rsquo;accorder ? Si la r\u00e9ponse est \u00ab aucune \u00bb ou \u00ab une seule \u00bb, repose-la. Pas parce qu&rsquo;elle<\/p>\n<p>n&rsquo;est pas belle \u2014 parce qu&rsquo;elle n&rsquo;ajoutera aucune tenue \u00e0 ta vie r\u00e9elle.<\/p>\n<p><strong>Rep\u00e8re ta base existante.<\/strong> Sors les pi\u00e8ces que tu portes r\u00e9guli\u00e8rement et qui te vont. Regarde<\/p>\n<p>leurs couleurs dominantes : elles t&rsquo;indiquent, mieux que n&rsquo;importe quel test, les teintes autour<\/p>\n<p>desquelles ton vestiaire est d\u00e9j\u00e0 organis\u00e9 sans que tu l&rsquo;aies d\u00e9cid\u00e9.<\/p>\n<p><strong>Cesse de remplacer, commence \u00e0 compl\u00e9ter.<\/strong> La question n&rsquo;est plus \u00ab qu&rsquo;est-ce qui me manque ? \u00bb<\/p>\n<p>mais \u00ab qu&rsquo;est-ce qui ferait fonctionner ensemble ce que j&rsquo;ai d\u00e9j\u00e0 ? \u00bb. C&rsquo;est souvent une seule pi\u00e8ce<\/p>\n<p>\u2014 un pantalon dans le bon neutre, une veste souple \u2014 et elle d\u00e9bloque tout le reste.<\/p>\n<h2>Ce que ce livre te doit encore<\/h2>\n<p>Cet article d\u00e9monte la croyance. Le livre, lui, donne le syst\u00e8me complet : le nombre de pi\u00e8ces qui<\/p>\n<p>suffit vraiment, lesquelles, et surtout <strong>dans quel ordre les acheter<\/strong> \u2014 parce que les bonnes pi\u00e8ces<\/p>\n<p>achet\u00e9es dans le mauvais ordre laissent des mois avec un vestiaire \u00e0 moiti\u00e9 constitu\u00e9 qui ne produit<\/p>\n<p>toujours rien. C&rsquo;est tout l&rsquo;objet de <em>L&rsquo;art de s&rsquo;habiller juste<\/em>.<\/p>\n<p>Comme le dit le Doc : <strong>\u00ab L&rsquo;allure, \u00e7a ne s&rsquo;ach\u00e8te pas. \u00c7a se choisit. \u00bb<\/strong><\/p>\n<p>Et toi, ton prochain achat, il s&rsquo;accorde avec combien de choses ?<\/p>\n<p><em>\u2192 D\u00e9couvrir le livre du Doc.<\/em><\/p>\n","protected":false},"excerpt":{"rendered":"<p>Plus de v\u00eatements ne veut pas dire mieux habill\u00e9 \u2014 c&rsquo;est m\u00eame souvent l&rsquo;inverse. Le Doc explique pourquoi, et ce qui remplace vraiment l&rsquo;achat de plus.<\/p>\n","protected":false},"author":1,"featured_media":0,"comment_status":"open","ping_status":"open","sticky":false,"template":"","format":"standard","meta":{"footnotes":""},"categories":[1],"tags":[],"class_list":["post-46","post","type-post","status-publish","format-standard","hentry","category-blog"],"blocksy_meta":[],"_links":{"self":[{"href":"https:\/\/gravano.fr\/style\/wp-json\/wp\/v2\/posts\/46","targetHints":{"allow":["GET"]}}],"collection":[{"href":"https:\/\/gravano.fr\/style\/wp-json\/wp\/v2\/posts"}],"about":[{"href":"https:\/\/gravano.fr\/style\/wp-json\/wp\/v2\/types\/post"}],"author":[{"embeddable":true,"href":"https:\/\/gravano.fr\/style\/wp-json\/wp\/v2\/users\/1"}],"replies":[{"embeddable":true,"href":"https:\/\/gravano.fr\/style\/wp-json\/wp\/v2\/comments?post=46"}],"version-history":[{"count":1,"href":"https:\/\/gravano.fr\/style\/wp-json\/wp\/v2\/posts\/46\/revisions"}],"predecessor-version":[{"id":56,"href":"https:\/\/gravano.fr\/style\/wp-json\/wp\/v2\/posts\/46\/revisions\/56"}],"wp:attachment":[{"href":"https:\/\/gravano.fr\/style\/wp-json\/wp\/v2\/media?parent=46"}],"wp:term":[{"taxonomy":"category","embeddable":true,"href":"https:\/\/gravano.fr\/style\/wp-json\/wp\/v2\/categories?post=46"},{"taxonomy":"post_tag","embeddable":true,"href":"https:\/\/gravano.fr\/style\/wp-json\/wp\/v2\/tags?post=46"}],"curies":[{"name":"wp","href":"https:\/\/api.w.org\/{rel}","templated":true}]}}